{"id":11292,"date":"2026-04-14T15:54:19","date_gmt":"2026-04-14T15:54:19","guid":{"rendered":"https:\/\/pellavasydan.fi\/?p=11292"},"modified":"2026-05-09T15:27:14","modified_gmt":"2026-05-09T15:27:14","slug":"musta-harmaa-valkoinen-neuletakki","status":"publish","type":"post","link":"https:\/\/pellavasydan.fi\/?p=11292","title":{"rendered":"Musta-harmaa-valkoinen neuletakki"},"content":{"rendered":"\n<p class=\"wp-block-paragraph\">Jo t\u00e4t\u00e4 ty\u00f6t\u00e4 tehdess\u00e4ni tiesin, ett\u00e4 onnistun saamaan mieleisen! Kuten jo aiemminkin olen kertonut (<a href=\"https:\/\/pellavasydan.fi\/2026\/04\/05\/neuletakki-ja-pari-huitulaa\/\" type=\"link\" id=\"https:\/\/pellavasydan.fi\/2026\/04\/05\/neuletakki-ja-pari-huitulaa\/\">t\u00e4\u00e4ll\u00e4 esimerkiksi<\/a>) olen kierr\u00e4tyskeskuksesta kotiuttanut neuleita &#8211; kaiken v\u00e4risi\u00e4 ja mallisia &#8211; sill\u00e4 ajatuksella, ett\u00e4 kokoan niist\u00e4 jotain tilkkuilemalla. Punainen takki on jo valmiina ja violetit tilkut leikattu, muttei koottu. Nyt syntyi ehk\u00e4 se viimeinen, neuletakki isoista tilkuista.<\/p>\n\n\n\n<p class=\"wp-block-paragraph\">T\u00e4ll\u00e4 kertaa valitsin valkoiset, harmaat ja mustat neuleet. Ei haittaa ollenkaan, vaan on vain hyv\u00e4, jos neulepinta vaihtelee. Nyt leikkasin pahvisabluunan kooltaan 25 x 25 cm ja leikkasin ensin niin monta kuin vaan neuleista tuli. Sitten materiaalia j\u00e4i ja otin k\u00e4ytt\u00f6\u00f6n pienemm\u00e4n mallineen, jolla leikkasin loput neuleet mahdollisimman tarkkaan.<\/p>\n\n\n\n<h4 class=\"wp-block-heading\">Tilkut huolittelin ja ompelin yhteen koneella<\/h4>\n\n\n\n<p class=\"wp-block-paragraph\">Huolittelin jokaisen palan  ja suunnittelin leikkuup\u00f6yd\u00e4ll\u00e4 palasten sijainnin, jotta vierekk\u00e4iset palat olisivat aina erilaisia. Ihan t\u00e4ydellisesti en onnistunut, sill\u00e4 eteen keskelle tuli kuitenkin kaksi samanlaista. Ompelin palat yhteen ompelukoneella. Olin tarkkana, ett\u00e4 kulmat osuu t\u00e4sm\u00e4lleen kohdikkain. Kaavana k\u00e4ytin edelleen samaa, kuin ihan ensimm\u00e4isess\u00e4 neuletakissani. Se vaan on niin hyv\u00e4 peruskaava.<\/p>\n\n\n\n<figure class=\"wp-block-image size-large\"><img loading=\"lazy\" decoding=\"async\" width=\"1024\" height=\"1024\" src=\"https:\/\/pellavasydan.fi\/wp-content\/uploads\/2026\/04\/20260413_144258-1024x1024.jpg\" alt=\"\" class=\"wp-image-11300\" srcset=\"https:\/\/pellavasydan.fi\/wp-content\/uploads\/2026\/04\/20260413_144258-1024x1024.jpg 1024w, https:\/\/pellavasydan.fi\/wp-content\/uploads\/2026\/04\/20260413_144258-300x300.jpg 300w, https:\/\/pellavasydan.fi\/wp-content\/uploads\/2026\/04\/20260413_144258-150x150.jpg 150w, https:\/\/pellavasydan.fi\/wp-content\/uploads\/2026\/04\/20260413_144258-600x600.jpg 600w, https:\/\/pellavasydan.fi\/wp-content\/uploads\/2026\/04\/20260413_144258-100x100.jpg 100w\" sizes=\"auto, (max-width: 1024px) 100vw, 1024px\" \/><\/figure>\n\n\n\n<p class=\"wp-block-paragraph\">Ompelin etureunaan joustamattomasta kankaasta listat, mutta k\u00e4\u00e4nsin ne nurjalle puolelle. Napinl\u00e4vet oli kuitenkin paljon helpompi tehd\u00e4, kun toinen puoli oli joustamatonta kangasta. <\/p>\n\n\n\n<figure class=\"wp-block-gallery has-nested-images columns-default is-cropped wp-block-gallery-1 is-layout-flex wp-block-gallery-is-layout-flex\">\n<figure class=\"wp-block-image size-large\"><img loading=\"lazy\" decoding=\"async\" width=\"1024\" height=\"1024\" data-id=\"11304\" src=\"https:\/\/pellavasydan.fi\/wp-content\/uploads\/2026\/04\/20260414_112412-1024x1024.jpg\" alt=\"\" class=\"wp-image-11304\" srcset=\"https:\/\/pellavasydan.fi\/wp-content\/uploads\/2026\/04\/20260414_112412-1024x1024.jpg 1024w, https:\/\/pellavasydan.fi\/wp-content\/uploads\/2026\/04\/20260414_112412-300x300.jpg 300w, https:\/\/pellavasydan.fi\/wp-content\/uploads\/2026\/04\/20260414_112412-150x150.jpg 150w, https:\/\/pellavasydan.fi\/wp-content\/uploads\/2026\/04\/20260414_112412-600x600.jpg 600w, https:\/\/pellavasydan.fi\/wp-content\/uploads\/2026\/04\/20260414_112412-100x100.jpg 100w\" sizes=\"auto, (max-width: 1024px) 100vw, 1024px\" \/><\/figure>\n\n\n\n<figure class=\"wp-block-image size-large\"><img loading=\"lazy\" decoding=\"async\" width=\"1024\" height=\"1024\" data-id=\"11303\" src=\"https:\/\/pellavasydan.fi\/wp-content\/uploads\/2026\/04\/20260414_112421-1024x1024.jpg\" alt=\"\" class=\"wp-image-11303\" srcset=\"https:\/\/pellavasydan.fi\/wp-content\/uploads\/2026\/04\/20260414_112421-1024x1024.jpg 1024w, https:\/\/pellavasydan.fi\/wp-content\/uploads\/2026\/04\/20260414_112421-300x300.jpg 300w, https:\/\/pellavasydan.fi\/wp-content\/uploads\/2026\/04\/20260414_112421-150x150.jpg 150w, https:\/\/pellavasydan.fi\/wp-content\/uploads\/2026\/04\/20260414_112421-600x600.jpg 600w, https:\/\/pellavasydan.fi\/wp-content\/uploads\/2026\/04\/20260414_112421-100x100.jpg 100w\" sizes=\"auto, (max-width: 1024px) 100vw, 1024px\" \/><\/figure>\n<\/figure>\n\n\n\n<p class=\"wp-block-paragraph\">Yritin tehd\u00e4 takkiin taskut, mutta en miss\u00e4\u00e4n tapauksessa halunnut pilata tilkkupintaa p\u00e4\u00e4llitaskuilla. Sijoitin kokeeksi taskun saumaan, mutta se ei onnistu ollenkaan, kun on joustavasta neuleesta kyse. Taskun suu alkoi heti repsottaa. Itsell\u00e4ni on aina olkalaukku mukana, joten ihan hirve\u00e4sti minua ei taskujen puuttuminen h\u00e4iritse. Toki autonavaimet ja nen\u00e4liina kulkisi hyvin taskuissa mukana. Mutta t\u00e4ll\u00e4 menn\u00e4\u00e4n&#8230;<\/p>\n\n\n\n<figure class=\"wp-block-gallery has-nested-images columns-default is-cropped wp-block-gallery-2 is-layout-flex wp-block-gallery-is-layout-flex\">\n<figure class=\"wp-block-image size-large\"><img loading=\"lazy\" decoding=\"async\" width=\"1024\" height=\"1024\" data-id=\"11294\" src=\"https:\/\/pellavasydan.fi\/wp-content\/uploads\/2026\/04\/20260413_144334-1024x1024.jpg\" alt=\"\" class=\"wp-image-11294\" srcset=\"https:\/\/pellavasydan.fi\/wp-content\/uploads\/2026\/04\/20260413_144334-1024x1024.jpg 1024w, https:\/\/pellavasydan.fi\/wp-content\/uploads\/2026\/04\/20260413_144334-300x300.jpg 300w, https:\/\/pellavasydan.fi\/wp-content\/uploads\/2026\/04\/20260413_144334-150x150.jpg 150w, https:\/\/pellavasydan.fi\/wp-content\/uploads\/2026\/04\/20260413_144334-600x600.jpg 600w, https:\/\/pellavasydan.fi\/wp-content\/uploads\/2026\/04\/20260413_144334-100x100.jpg 100w\" sizes=\"auto, (max-width: 1024px) 100vw, 1024px\" \/><\/figure>\n\n\n\n<figure class=\"wp-block-image size-large\"><img loading=\"lazy\" decoding=\"async\" width=\"1024\" height=\"1024\" data-id=\"11293\" src=\"https:\/\/pellavasydan.fi\/wp-content\/uploads\/2026\/04\/20260413_144348-1024x1024.jpg\" alt=\"\" class=\"wp-image-11293\" srcset=\"https:\/\/pellavasydan.fi\/wp-content\/uploads\/2026\/04\/20260413_144348-1024x1024.jpg 1024w, https:\/\/pellavasydan.fi\/wp-content\/uploads\/2026\/04\/20260413_144348-300x300.jpg 300w, https:\/\/pellavasydan.fi\/wp-content\/uploads\/2026\/04\/20260413_144348-150x150.jpg 150w, https:\/\/pellavasydan.fi\/wp-content\/uploads\/2026\/04\/20260413_144348-600x600.jpg 600w, https:\/\/pellavasydan.fi\/wp-content\/uploads\/2026\/04\/20260413_144348-100x100.jpg 100w\" sizes=\"auto, (max-width: 1024px) 100vw, 1024px\" \/><\/figure>\n<\/figure>\n\n\n\n<p class=\"wp-block-paragraph\">Kuten sivukuvasta huomaat, t\u00e4ss\u00e4 takissa ei ole sivusaumaa, vaan sivuilla on kokonaiset tilkut. Tilkkurivej\u00e4 on siis pystysuunnassa 6 ja vaakasuoria 4 isoa ja helmassa viel\u00e4 yksi rivi pieni\u00e4 tilkkuja. Hihat ja huppu on koottu my\u00f6s pienist\u00e4 tilkuista ja tilkun paloista.<\/p>\n\n\n\n<p class=\"wp-block-paragraph\">Olihan t\u00e4ss\u00e4 ihan hirve\u00e4 ty\u00f6, mutta tykk\u00e4\u00e4n lopputuloksesta. Takki tulee kierr\u00e4tystuotteiden n\u00e4yttelyyni. Se tulee myyntiin, mutta en ole yht\u00e4\u00e4n harmissani, jos j\u00e4\u00e4kin itselleni. Niin ja se piti viel\u00e4 sanomani, ett\u00e4 t\u00e4h\u00e4n takkiin en laittanut vuorta, koska halusin siit\u00e4 joustavan. Hihat kyll\u00e4 kaipaisi &#8221;liukkautta&#8221;, mutta jos laitan vuorin vaikka vain hihan  kohdille, se menett\u00e4\u00e4 joustavuutensa.<\/p>\n\n\n\n<p class=\"wp-block-paragraph\">Pellavasyd\u00e4men Mervi<\/p>\n\n\n\n<p class=\"wp-block-paragraph\"><\/p>\n","protected":false},"excerpt":{"rendered":"<p>Jo t\u00e4t\u00e4 ty\u00f6t\u00e4 tehdess\u00e4ni tiesin, ett\u00e4 onnistun saamaan mieleisen! Kuten jo aiemminkin olen kertonut (t\u00e4\u00e4ll\u00e4 esimerkiksi) olen kierr\u00e4tyskeskuksesta kotiuttanut neuleita &#8211; kaiken v\u00e4risi\u00e4 ja mallisia &#8211; sill\u00e4 ajatuksella, ett\u00e4 kokoan niist\u00e4 jotain tilkkuilemalla. Punainen takki on jo valmiina ja violetit tilkut leikattu, muttei koottu. Nyt syntyi ehk\u00e4 se viimeinen, neuletakki isoista tilkuista. T\u00e4ll\u00e4 kertaa valitsin [&hellip;]<\/p>\n","protected":false},"author":1,"featured_media":0,"comment_status":"open","ping_status":"open","sticky":false,"template":"","format":"standard","meta":{"site-sidebar-layout":"default","site-content-layout":"","ast-site-content-layout":"default","site-content-style":"default","site-sidebar-style":"default","ast-global-header-display":"","ast-banner-title-visibility":"","ast-main-header-display":"","ast-hfb-above-header-display":"","ast-hfb-below-header-display":"","ast-hfb-mobile-header-display":"","site-post-title":"","ast-breadcrumbs-content":"","ast-featured-img":"","footer-sml-layout":"","ast-disable-related-posts":"","theme-transparent-header-meta":"","adv-header-id-meta":"","stick-header-meta":"","header-above-stick-meta":"","header-main-stick-meta":"","header-below-stick-meta":"","astra-migrate-meta-layouts":"set","ast-page-background-enabled":"default","ast-page-background-meta":{"desktop":{"background-color":"","background-image":"","background-repeat":"repeat","background-position":"center center","background-size":"auto","background-attachment":"scroll","background-type":"","background-media":"","overlay-type":"","overlay-color":"","overlay-opacity":"","overlay-gradient":""},"tablet":{"background-color":"","background-image":"","background-repeat":"repeat","background-position":"center center","background-size":"auto","background-attachment":"scroll","background-type":"","background-media":"","overlay-type":"","overlay-color":"","overlay-opacity":"","overlay-gradient":""},"mobile":{"background-color":"","background-image":"","background-repeat":"repeat","background-position":"center center","background-size":"auto","background-attachment":"scroll","background-type":"","background-media":"","overlay-type":"","overlay-color":"","overlay-opacity":"","overlay-gradient":""}},"ast-content-background-meta":{"desktop":{"background-color":"var(--ast-global-color-5)","background-image":"","background-repeat":"repeat","background-position":"center center","background-size":"auto","background-attachment":"scroll","background-type":"","background-media":"","overlay-type":"","overlay-color":"","overlay-opacity":"","overlay-gradient":""},"tablet":{"background-color":"var(--ast-global-color-5)","background-image":"","background-repeat":"repeat","background-position":"center center","background-size":"auto","background-attachment":"scroll","background-type":"","background-media":"","overlay-type":"","overlay-color":"","overlay-opacity":"","overlay-gradient":""},"mobile":{"background-color":"var(--ast-global-color-5)","background-image":"","background-repeat":"repeat","background-position":"center center","background-size":"auto","background-attachment":"scroll","background-type":"","background-media":"","overlay-type":"","overlay-color":"","overlay-opacity":"","overlay-gradient":""}},"footnotes":""},"categories":[188],"tags":[518,884,554,1065,505],"class_list":["post-11292","post","type-post","status-publish","format-standard","hentry","category-kasityot","tag-kierratys","tag-neule","tag-ompelu","tag-tilkkutyot","tag-tuunaus"],"yoast_head":"<!-- This site is optimized with the Yoast SEO plugin v28.3 - https:\/\/yoast.com\/product\/yoast-seo-wordpress\/ -->\n<title>Musta-harmaa-valkoinen neuletakki - Pellavasyd\u00e4n<\/title>\n<meta name=\"description\" content=\"Erilaisista neulepinnoista syntyy mielenkiintoinen yhdistelm\u00e4. T\u00e4ll\u00e4 kertaa valmistui musta-harmaa-valkoinen neuletakki.\" \/>\n<meta name=\"robots\" content=\"index, follow, max-snippet:-1, max-image-preview:large, max-video-preview:-1\" \/>\n<link rel=\"canonical\" href=\"https:\/\/pellavasydan.fi\/?p=11292\" \/>\n<meta property=\"og:locale\" content=\"fi_FI\" \/>\n<meta property=\"og:type\" content=\"article\" \/>\n<meta property=\"og:title\" content=\"Musta-harmaa-valkoinen neuletakki - Pellavasyd\u00e4n\" \/>\n<meta property=\"og:description\" content=\"Erilaisista neulepinnoista syntyy mielenkiintoinen yhdistelm\u00e4. T\u00e4ll\u00e4 kertaa valmistui musta-harmaa-valkoinen neuletakki.\" \/>\n<meta property=\"og:url\" content=\"https:\/\/pellavasydan.fi\/?p=11292\" \/>\n<meta property=\"og:site_name\" content=\"Pellavasyd\u00e4n\" \/>\n<meta property=\"article:published_time\" content=\"2026-04-14T15:54:19+00:00\" \/>\n<meta property=\"article:modified_time\" content=\"2026-05-09T15:27:14+00:00\" \/>\n<meta property=\"og:image\" content=\"https:\/\/pellavasydan.fi\/wp-content\/uploads\/2026\/04\/20260413_144258-1024x1024.jpg\" \/>\n<meta name=\"author\" content=\"admin\" \/>\n<meta name=\"twitter:card\" content=\"summary_large_image\" \/>\n<meta name=\"twitter:label1\" content=\"Kirjoittanut\" \/>\n\t<meta name=\"twitter:data1\" content=\"admin\" \/>\n\t<meta name=\"twitter:label2\" content=\"Arvioitu lukuaika\" \/>\n\t<meta name=\"twitter:data2\" content=\"2 minuuttia\" \/>\n<script type=\"application\/ld+json\" class=\"yoast-schema-graph\">{\"@context\":\"https:\\\/\\\/schema.org\",\"@graph\":[{\"@type\":\"Article\",\"@id\":\"https:\\\/\\\/pellavasydan.fi\\\/?p=11292#article\",\"isPartOf\":{\"@id\":\"https:\\\/\\\/pellavasydan.fi\\\/?p=11292\"},\"author\":{\"name\":\"admin\",\"@id\":\"https:\\\/\\\/pellavasydan.fi\\\/#\\\/schema\\\/person\\\/a8c2ca03825013ac3dcf68a163497025\"},\"headline\":\"Musta-harmaa-valkoinen neuletakki\",\"datePublished\":\"2026-04-14T15:54:19+00:00\",\"dateModified\":\"2026-05-09T15:27:14+00:00\",\"mainEntityOfPage\":{\"@id\":\"https:\\\/\\\/pellavasydan.fi\\\/?p=11292\"},\"wordCount\":368,\"commentCount\":2,\"publisher\":{\"@id\":\"https:\\\/\\\/pellavasydan.fi\\\/#organization\"},\"image\":{\"@id\":\"https:\\\/\\\/pellavasydan.fi\\\/?p=11292#primaryimage\"},\"thumbnailUrl\":\"https:\\\/\\\/pellavasydan.fi\\\/wp-content\\\/uploads\\\/2026\\\/04\\\/20260413_144258-1024x1024.jpg\",\"keywords\":[\"kierr\u00e4tys\",\"neule\",\"ompelu\",\"tilkkuty\u00f6t\",\"tuunaus\"],\"articleSection\":[\"K\u00e4sity\u00f6t\"],\"inLanguage\":\"fi\",\"potentialAction\":[{\"@type\":\"CommentAction\",\"name\":\"Comment\",\"target\":[\"https:\\\/\\\/pellavasydan.fi\\\/?p=11292#respond\"]}]},{\"@type\":\"WebPage\",\"@id\":\"https:\\\/\\\/pellavasydan.fi\\\/?p=11292\",\"url\":\"https:\\\/\\\/pellavasydan.fi\\\/?p=11292\",\"name\":\"Musta-harmaa-valkoinen neuletakki - Pellavasyd\u00e4n\",\"isPartOf\":{\"@id\":\"https:\\\/\\\/pellavasydan.fi\\\/#website\"},\"primaryImageOfPage\":{\"@id\":\"https:\\\/\\\/pellavasydan.fi\\\/?p=11292#primaryimage\"},\"image\":{\"@id\":\"https:\\\/\\\/pellavasydan.fi\\\/?p=11292#primaryimage\"},\"thumbnailUrl\":\"https:\\\/\\\/pellavasydan.fi\\\/wp-content\\\/uploads\\\/2026\\\/04\\\/20260413_144258-1024x1024.jpg\",\"datePublished\":\"2026-04-14T15:54:19+00:00\",\"dateModified\":\"2026-05-09T15:27:14+00:00\",\"description\":\"Erilaisista neulepinnoista syntyy mielenkiintoinen yhdistelm\u00e4. T\u00e4ll\u00e4 kertaa valmistui musta-harmaa-valkoinen neuletakki.\",\"breadcrumb\":{\"@id\":\"https:\\\/\\\/pellavasydan.fi\\\/?p=11292#breadcrumb\"},\"inLanguage\":\"fi\",\"potentialAction\":[{\"@type\":\"ReadAction\",\"target\":[\"https:\\\/\\\/pellavasydan.fi\\\/?p=11292\"]}]},{\"@type\":\"ImageObject\",\"inLanguage\":\"fi\",\"@id\":\"https:\\\/\\\/pellavasydan.fi\\\/?p=11292#primaryimage\",\"url\":\"https:\\\/\\\/pellavasydan.fi\\\/wp-content\\\/uploads\\\/2026\\\/04\\\/20260413_144258-scaled.jpg\",\"contentUrl\":\"https:\\\/\\\/pellavasydan.fi\\\/wp-content\\\/uploads\\\/2026\\\/04\\\/20260413_144258-scaled.jpg\",\"width\":2560,\"height\":2560},{\"@type\":\"BreadcrumbList\",\"@id\":\"https:\\\/\\\/pellavasydan.fi\\\/?p=11292#breadcrumb\",\"itemListElement\":[{\"@type\":\"ListItem\",\"position\":1,\"name\":\"Etusivu\",\"item\":\"https:\\\/\\\/pellavasydan.fi\\\/\"},{\"@type\":\"ListItem\",\"position\":2,\"name\":\"Musta-harmaa-valkoinen neuletakki\"}]},{\"@type\":\"WebSite\",\"@id\":\"https:\\\/\\\/pellavasydan.fi\\\/#website\",\"url\":\"https:\\\/\\\/pellavasydan.fi\\\/\",\"name\":\"Pellavasyd\u00e4n\",\"description\":\"Intohimona k\u00e4sity\u00f6t\",\"publisher\":{\"@id\":\"https:\\\/\\\/pellavasydan.fi\\\/#organization\"},\"potentialAction\":[{\"@type\":\"SearchAction\",\"target\":{\"@type\":\"EntryPoint\",\"urlTemplate\":\"https:\\\/\\\/pellavasydan.fi\\\/?s={search_term_string}\"},\"query-input\":{\"@type\":\"PropertyValueSpecification\",\"valueRequired\":true,\"valueName\":\"search_term_string\"}}],\"inLanguage\":\"fi\"},{\"@type\":\"Organization\",\"@id\":\"https:\\\/\\\/pellavasydan.fi\\\/#organization\",\"name\":\"Pellavasyd\u00e4n\",\"url\":\"https:\\\/\\\/pellavasydan.fi\\\/\",\"logo\":{\"@type\":\"ImageObject\",\"inLanguage\":\"fi\",\"@id\":\"https:\\\/\\\/pellavasydan.fi\\\/#\\\/schema\\\/logo\\\/image\\\/\",\"url\":\"https:\\\/\\\/pellavasydan.fi\\\/wp-content\\\/uploads\\\/2022\\\/04\\\/cropped-Pellavasyda\u0308n.jpg\",\"contentUrl\":\"https:\\\/\\\/pellavasydan.fi\\\/wp-content\\\/uploads\\\/2022\\\/04\\\/cropped-Pellavasyda\u0308n.jpg\",\"width\":512,\"height\":512,\"caption\":\"Pellavasyd\u00e4n\"},\"image\":{\"@id\":\"https:\\\/\\\/pellavasydan.fi\\\/#\\\/schema\\\/logo\\\/image\\\/\"}},{\"@type\":\"Person\",\"@id\":\"https:\\\/\\\/pellavasydan.fi\\\/#\\\/schema\\\/person\\\/a8c2ca03825013ac3dcf68a163497025\",\"name\":\"admin\",\"image\":{\"@type\":\"ImageObject\",\"inLanguage\":\"fi\",\"@id\":\"https:\\\/\\\/secure.gravatar.com\\\/avatar\\\/e92536f53f0b3c3c287e47958818baa2a328dc163724c33927ad2c62a5695ae3?s=96&d=mm&r=g\",\"url\":\"https:\\\/\\\/secure.gravatar.com\\\/avatar\\\/e92536f53f0b3c3c287e47958818baa2a328dc163724c33927ad2c62a5695ae3?s=96&d=mm&r=g\",\"contentUrl\":\"https:\\\/\\\/secure.gravatar.com\\\/avatar\\\/e92536f53f0b3c3c287e47958818baa2a328dc163724c33927ad2c62a5695ae3?s=96&d=mm&r=g\",\"caption\":\"admin\"},\"sameAs\":[\"https:\\\/\\\/pellavasydan.fi\"],\"url\":\"https:\\\/\\\/pellavasydan.fi\\\/?author=1\"}]}<\/script>\n<!-- \/ Yoast SEO plugin. -->","yoast_head_json":{"title":"Musta-harmaa-valkoinen neuletakki - Pellavasyd\u00e4n","description":"Erilaisista neulepinnoista syntyy mielenkiintoinen yhdistelm\u00e4. T\u00e4ll\u00e4 kertaa valmistui musta-harmaa-valkoinen neuletakki.","robots":{"index":"index","follow":"follow","max-snippet":"max-snippet:-1","max-image-preview":"max-image-preview:large","max-video-preview":"max-video-preview:-1"},"canonical":"https:\/\/pellavasydan.fi\/?p=11292","og_locale":"fi_FI","og_type":"article","og_title":"Musta-harmaa-valkoinen neuletakki - Pellavasyd\u00e4n","og_description":"Erilaisista neulepinnoista syntyy mielenkiintoinen yhdistelm\u00e4. T\u00e4ll\u00e4 kertaa valmistui musta-harmaa-valkoinen neuletakki.","og_url":"https:\/\/pellavasydan.fi\/?p=11292","og_site_name":"Pellavasyd\u00e4n","article_published_time":"2026-04-14T15:54:19+00:00","article_modified_time":"2026-05-09T15:27:14+00:00","og_image":[{"url":"https:\/\/pellavasydan.fi\/wp-content\/uploads\/2026\/04\/20260413_144258-1024x1024.jpg","type":"","width":"","height":""}],"author":"admin","twitter_card":"summary_large_image","twitter_misc":{"Kirjoittanut":"admin","Arvioitu lukuaika":"2 minuuttia"},"schema":{"@context":"https:\/\/schema.org","@graph":[{"@type":"Article","@id":"https:\/\/pellavasydan.fi\/?p=11292#article","isPartOf":{"@id":"https:\/\/pellavasydan.fi\/?p=11292"},"author":{"name":"admin","@id":"https:\/\/pellavasydan.fi\/#\/schema\/person\/a8c2ca03825013ac3dcf68a163497025"},"headline":"Musta-harmaa-valkoinen neuletakki","datePublished":"2026-04-14T15:54:19+00:00","dateModified":"2026-05-09T15:27:14+00:00","mainEntityOfPage":{"@id":"https:\/\/pellavasydan.fi\/?p=11292"},"wordCount":368,"commentCount":2,"publisher":{"@id":"https:\/\/pellavasydan.fi\/#organization"},"image":{"@id":"https:\/\/pellavasydan.fi\/?p=11292#primaryimage"},"thumbnailUrl":"https:\/\/pellavasydan.fi\/wp-content\/uploads\/2026\/04\/20260413_144258-1024x1024.jpg","keywords":["kierr\u00e4tys","neule","ompelu","tilkkuty\u00f6t","tuunaus"],"articleSection":["K\u00e4sity\u00f6t"],"inLanguage":"fi","potentialAction":[{"@type":"CommentAction","name":"Comment","target":["https:\/\/pellavasydan.fi\/?p=11292#respond"]}]},{"@type":"WebPage","@id":"https:\/\/pellavasydan.fi\/?p=11292","url":"https:\/\/pellavasydan.fi\/?p=11292","name":"Musta-harmaa-valkoinen neuletakki - Pellavasyd\u00e4n","isPartOf":{"@id":"https:\/\/pellavasydan.fi\/#website"},"primaryImageOfPage":{"@id":"https:\/\/pellavasydan.fi\/?p=11292#primaryimage"},"image":{"@id":"https:\/\/pellavasydan.fi\/?p=11292#primaryimage"},"thumbnailUrl":"https:\/\/pellavasydan.fi\/wp-content\/uploads\/2026\/04\/20260413_144258-1024x1024.jpg","datePublished":"2026-04-14T15:54:19+00:00","dateModified":"2026-05-09T15:27:14+00:00","description":"Erilaisista neulepinnoista syntyy mielenkiintoinen yhdistelm\u00e4. T\u00e4ll\u00e4 kertaa valmistui musta-harmaa-valkoinen neuletakki.","breadcrumb":{"@id":"https:\/\/pellavasydan.fi\/?p=11292#breadcrumb"},"inLanguage":"fi","potentialAction":[{"@type":"ReadAction","target":["https:\/\/pellavasydan.fi\/?p=11292"]}]},{"@type":"ImageObject","inLanguage":"fi","@id":"https:\/\/pellavasydan.fi\/?p=11292#primaryimage","url":"https:\/\/pellavasydan.fi\/wp-content\/uploads\/2026\/04\/20260413_144258-scaled.jpg","contentUrl":"https:\/\/pellavasydan.fi\/wp-content\/uploads\/2026\/04\/20260413_144258-scaled.jpg","width":2560,"height":2560},{"@type":"BreadcrumbList","@id":"https:\/\/pellavasydan.fi\/?p=11292#breadcrumb","itemListElement":[{"@type":"ListItem","position":1,"name":"Etusivu","item":"https:\/\/pellavasydan.fi\/"},{"@type":"ListItem","position":2,"name":"Musta-harmaa-valkoinen neuletakki"}]},{"@type":"WebSite","@id":"https:\/\/pellavasydan.fi\/#website","url":"https:\/\/pellavasydan.fi\/","name":"Pellavasyd\u00e4n","description":"Intohimona k\u00e4sity\u00f6t","publisher":{"@id":"https:\/\/pellavasydan.fi\/#organization"},"potentialAction":[{"@type":"SearchAction","target":{"@type":"EntryPoint","urlTemplate":"https:\/\/pellavasydan.fi\/?s={search_term_string}"},"query-input":{"@type":"PropertyValueSpecification","valueRequired":true,"valueName":"search_term_string"}}],"inLanguage":"fi"},{"@type":"Organization","@id":"https:\/\/pellavasydan.fi\/#organization","name":"Pellavasyd\u00e4n","url":"https:\/\/pellavasydan.fi\/","logo":{"@type":"ImageObject","inLanguage":"fi","@id":"https:\/\/pellavasydan.fi\/#\/schema\/logo\/image\/","url":"https:\/\/pellavasydan.fi\/wp-content\/uploads\/2022\/04\/cropped-Pellavasyda\u0308n.jpg","contentUrl":"https:\/\/pellavasydan.fi\/wp-content\/uploads\/2022\/04\/cropped-Pellavasyda\u0308n.jpg","width":512,"height":512,"caption":"Pellavasyd\u00e4n"},"image":{"@id":"https:\/\/pellavasydan.fi\/#\/schema\/logo\/image\/"}},{"@type":"Person","@id":"https:\/\/pellavasydan.fi\/#\/schema\/person\/a8c2ca03825013ac3dcf68a163497025","name":"admin","image":{"@type":"ImageObject","inLanguage":"fi","@id":"https:\/\/secure.gravatar.com\/avatar\/e92536f53f0b3c3c287e47958818baa2a328dc163724c33927ad2c62a5695ae3?s=96&d=mm&r=g","url":"https:\/\/secure.gravatar.com\/avatar\/e92536f53f0b3c3c287e47958818baa2a328dc163724c33927ad2c62a5695ae3?s=96&d=mm&r=g","contentUrl":"https:\/\/secure.gravatar.com\/avatar\/e92536f53f0b3c3c287e47958818baa2a328dc163724c33927ad2c62a5695ae3?s=96&d=mm&r=g","caption":"admin"},"sameAs":["https:\/\/pellavasydan.fi"],"url":"https:\/\/pellavasydan.fi\/?author=1"}]}},"_links":{"self":[{"href":"https:\/\/pellavasydan.fi\/index.php?rest_route=\/wp\/v2\/posts\/11292","targetHints":{"allow":["GET"]}}],"collection":[{"href":"https:\/\/pellavasydan.fi\/index.php?rest_route=\/wp\/v2\/posts"}],"about":[{"href":"https:\/\/pellavasydan.fi\/index.php?rest_route=\/wp\/v2\/types\/post"}],"author":[{"embeddable":true,"href":"https:\/\/pellavasydan.fi\/index.php?rest_route=\/wp\/v2\/users\/1"}],"replies":[{"embeddable":true,"href":"https:\/\/pellavasydan.fi\/index.php?rest_route=%2Fwp%2Fv2%2Fcomments&post=11292"}],"version-history":[{"count":3,"href":"https:\/\/pellavasydan.fi\/index.php?rest_route=\/wp\/v2\/posts\/11292\/revisions"}],"predecessor-version":[{"id":11307,"href":"https:\/\/pellavasydan.fi\/index.php?rest_route=\/wp\/v2\/posts\/11292\/revisions\/11307"}],"wp:attachment":[{"href":"https:\/\/pellavasydan.fi\/index.php?rest_route=%2Fwp%2Fv2%2Fmedia&parent=11292"}],"wp:term":[{"taxonomy":"category","embeddable":true,"href":"https:\/\/pellavasydan.fi\/index.php?rest_route=%2Fwp%2Fv2%2Fcategories&post=11292"},{"taxonomy":"post_tag","embeddable":true,"href":"https:\/\/pellavasydan.fi\/index.php?rest_route=%2Fwp%2Fv2%2Ftags&post=11292"}],"curies":[{"name":"wp","href":"https:\/\/api.w.org\/{rel}","templated":true}]}}